{"id":589,"date":"2023-07-28T16:50:39","date_gmt":"2023-07-28T16:50:39","guid":{"rendered":"http:\/\/www.truckventur.com\/es\/?p=589"},"modified":"2023-07-28T16:53:49","modified_gmt":"2023-07-28T16:53:49","slug":"3a-ed-festival-del-coche-clasico","status":"publish","type":"post","link":"http:\/\/www.truckventur.com\/es\/2023\/07\/3a-ed-festival-del-coche-clasico\/","title":{"rendered":"3\u00aa Ed FESTIVAL DEL COCHE CL\u00c1SICO"},"content":{"rendered":"\n<p>Hola a todos! os presentamos la que es ya la tercera edici\u00f3n del Festival del Coche Cl\u00e1sico en Bercial (Segovia) la cual tendr\u00e1 lugar el pr\u00f3ximo d\u00eda <strong>2 de Septiembre.<\/strong><\/p>\n\n\n\n<!--more-->\n\n\n\n<p>Os dejamos con el cartel de la misma. <strong>Precio 40\u20ac por persona, hasta un m\u00e1ximo de 150 inscritos<\/strong>. Si quieres apuntarte no olvides escribirnos a <strong>truckventur@gmail.com<\/strong> o <strong>contactarnos via telef\u00f3nica (Whatsapp) en los n\u00fameros : 606396554 o el 616415292<\/strong><\/p>\n\n\n\n<p><\/p>\n\n\n<div class=\"wp-block-image\">\n<figure class=\"aligncenter size-large is-resized\"><a href=\"http:\/\/www.truckventur.com\/es\/wp-content\/uploads\/2023\/07\/COCHESCLASICOS20231200.jpg\" target=\"_blank\" rel=\"noreferrer noopener\"><img loading=\"lazy\" decoding=\"async\" src=\"http:\/\/www.truckventur.com\/es\/wp-content\/uploads\/2023\/07\/COCHESCLASICOS20231200-724x1024.jpg\" alt=\"\" class=\"wp-image-590\" width=\"805\" height=\"1138\" srcset=\"http:\/\/www.truckventur.com\/es\/wp-content\/uploads\/2023\/07\/COCHESCLASICOS20231200-724x1024.jpg 724w, http:\/\/www.truckventur.com\/es\/wp-content\/uploads\/2023\/07\/COCHESCLASICOS20231200-212x300.jpg 212w, http:\/\/www.truckventur.com\/es\/wp-content\/uploads\/2023\/07\/COCHESCLASICOS20231200-768x1086.jpg 768w, http:\/\/www.truckventur.com\/es\/wp-content\/uploads\/2023\/07\/COCHESCLASICOS20231200-1086x1536.jpg 1086w, http:\/\/www.truckventur.com\/es\/wp-content\/uploads\/2023\/07\/COCHESCLASICOS20231200.jpg 1200w\" sizes=\"auto, (max-width: 805px) 100vw, 805px\" \/><\/a><\/figure>\n<\/div>\n\n\n<p>Os esperamos!! <\/p>\n","protected":false},"excerpt":{"rendered":"<p>Hola a todos! os presentamos la que es ya la tercera edici\u00f3n del Festival del Coche Cl\u00e1sico en Bercial (Segovia) la cual tendr\u00e1 lugar el pr\u00f3ximo d\u00eda 2 de Septiembre.<\/p>\n","protected":false},"author":1,"featured_media":0,"comment_status":"closed","ping_status":"closed","sticky":false,"template":"","format":"standard","meta":{"footnotes":""},"categories":[1],"tags":[],"class_list":["post-589","post","type-post","status-publish","format-standard","hentry","category-sin-categoria"],"_links":{"self":[{"href":"http:\/\/www.truckventur.com\/es\/wp-json\/wp\/v2\/posts\/589","targetHints":{"allow":["GET"]}}],"collection":[{"href":"http:\/\/www.truckventur.com\/es\/wp-json\/wp\/v2\/posts"}],"about":[{"href":"http:\/\/www.truckventur.com\/es\/wp-json\/wp\/v2\/types\/post"}],"author":[{"embeddable":true,"href":"http:\/\/www.truckventur.com\/es\/wp-json\/wp\/v2\/users\/1"}],"replies":[{"embeddable":true,"href":"http:\/\/www.truckventur.com\/es\/wp-json\/wp\/v2\/comments?post=589"}],"version-history":[{"count":5,"href":"http:\/\/www.truckventur.com\/es\/wp-json\/wp\/v2\/posts\/589\/revisions"}],"predecessor-version":[{"id":595,"href":"http:\/\/www.truckventur.com\/es\/wp-json\/wp\/v2\/posts\/589\/revisions\/595"}],"wp:attachment":[{"href":"http:\/\/www.truckventur.com\/es\/wp-json\/wp\/v2\/media?parent=589"}],"wp:term":[{"taxonomy":"category","embeddable":true,"href":"http:\/\/www.truckventur.com\/es\/wp-json\/wp\/v2\/categories?post=589"},{"taxonomy":"post_tag","embeddable":true,"href":"http:\/\/www.truckventur.com\/es\/wp-json\/wp\/v2\/tags?post=589"}],"curies":[{"name":"wp","href":"https:\/\/api.w.org\/{rel}","templated":true}]}}