{"id":611,"date":"2023-09-05T10:44:17","date_gmt":"2023-09-05T10:44:17","guid":{"rendered":"http:\/\/www.truckventur.com\/es\/?p=611"},"modified":"2023-09-05T10:45:01","modified_gmt":"2023-09-05T10:45:01","slug":"resumen-3o-edicion-del-coche-clasico","status":"publish","type":"post","link":"http:\/\/www.truckventur.com\/es\/2023\/09\/resumen-3o-edicion-del-coche-clasico\/","title":{"rendered":"Resumen, 3\u00ba Edici\u00f3n del Coche Cl\u00e1sico"},"content":{"rendered":"\n<p>Gran \u00e9xito del tercer festival del coche cl\u00e1sico en Bercial . 160 inscritos ,53 veh\u00edculos y muchas ganas de pasarlo bien . Comenzando la jornada a las 10:00 y cerrando a las 02:00h.<\/p>\n\n\n\n<!--more-->\n\n\n\n<p>Ruta, visita y cata de carne de buey , ruta de regreso , vermouth , cordero de la tierra, banda de m\u00fasica a cargo del grupo Toca2. , merienda y para cerrar nuestro Dj MOOSP. No os lo perd\u00e1is el pr\u00f3ximo a\u00f1o!!<\/p>\n\n\n\n<p>Os dejamos un peque\u00f1o video del evento, as\u00ed como ya pod\u00e9is ver el <strong><a rel=\"noreferrer noopener\" href=\"https:\/\/www.flickr.com\/photos\/198758783@N02\/albums\/72177720310966585\" data-type=\"link\" data-id=\"https:\/\/www.flickr.com\/photos\/198758783@N02\/albums\/72177720310966585\" target=\"_blank\">album de fotos<\/a><\/strong> en la seccion de <strong><a href=\"http:\/\/www.truckventur.com\/es\/fotos\/\" data-type=\"link\" data-id=\"http:\/\/www.truckventur.com\/es\/fotos\/\">Fotos <\/a><\/strong> con algunas de las instant\u00e1neas de lo que acontenci\u00f3 el pasado 2 de Septiembre en Bercial.<\/p>\n\n\n\n<p>Nos vemos el a\u00f1o que viene!<\/p>\n\n\n\n<p><\/p>\n\n\n\n<center><iframe loading=\"lazy\" width=\"525\" height=\"304\" src=\"https:\/\/www.youtube.com\/embed\/HvMfYb3o_Z4?si=9XSGncFY2Bsi1SXk\" title=\"YouTube video player\" frameborder=\"0\" allow=\"accelerometer; autoplay; clipboard-write; encrypted-media; gyroscope; picture-in-picture; web-share\" allowfullscreen><\/iframe><\/center>\n","protected":false},"excerpt":{"rendered":"<p>Gran \u00e9xito del tercer festival del coche cl\u00e1sico en Bercial . 160 inscritos ,53 veh\u00edculos y muchas ganas de pasarlo bien . Comenzando la jornada a las 10:00 y cerrando a las 02:00h.<\/p>\n","protected":false},"author":1,"featured_media":598,"comment_status":"closed","ping_status":"closed","sticky":false,"template":"","format":"standard","meta":{"footnotes":""},"categories":[14,12],"tags":[],"class_list":["post-611","post","type-post","status-publish","format-standard","has-post-thumbnail","hentry","category-eventos","category-general"],"_links":{"self":[{"href":"http:\/\/www.truckventur.com\/es\/wp-json\/wp\/v2\/posts\/611","targetHints":{"allow":["GET"]}}],"collection":[{"href":"http:\/\/www.truckventur.com\/es\/wp-json\/wp\/v2\/posts"}],"about":[{"href":"http:\/\/www.truckventur.com\/es\/wp-json\/wp\/v2\/types\/post"}],"author":[{"embeddable":true,"href":"http:\/\/www.truckventur.com\/es\/wp-json\/wp\/v2\/users\/1"}],"replies":[{"embeddable":true,"href":"http:\/\/www.truckventur.com\/es\/wp-json\/wp\/v2\/comments?post=611"}],"version-history":[{"count":3,"href":"http:\/\/www.truckventur.com\/es\/wp-json\/wp\/v2\/posts\/611\/revisions"}],"predecessor-version":[{"id":614,"href":"http:\/\/www.truckventur.com\/es\/wp-json\/wp\/v2\/posts\/611\/revisions\/614"}],"wp:featuredmedia":[{"embeddable":true,"href":"http:\/\/www.truckventur.com\/es\/wp-json\/wp\/v2\/media\/598"}],"wp:attachment":[{"href":"http:\/\/www.truckventur.com\/es\/wp-json\/wp\/v2\/media?parent=611"}],"wp:term":[{"taxonomy":"category","embeddable":true,"href":"http:\/\/www.truckventur.com\/es\/wp-json\/wp\/v2\/categories?post=611"},{"taxonomy":"post_tag","embeddable":true,"href":"http:\/\/www.truckventur.com\/es\/wp-json\/wp\/v2\/tags?post=611"}],"curies":[{"name":"wp","href":"https:\/\/api.w.org\/{rel}","templated":true}]}}