{"id":676,"date":"2024-07-24T14:59:26","date_gmt":"2024-07-24T14:59:26","guid":{"rendered":"http:\/\/www.truckventur.com\/es\/?p=676"},"modified":"2024-07-24T15:02:22","modified_gmt":"2024-07-24T15:02:22","slug":"truckventur-de-camino-a-la-40a-edicion-de-la-baja-de-aragon","status":"publish","type":"post","link":"http:\/\/www.truckventur.com\/es\/2024\/07\/truckventur-de-camino-a-la-40a-edicion-de-la-baja-de-aragon\/","title":{"rendered":"Truckventur de camino a la 40\u00aa edicion de la Baja de Arag\u00f3n"},"content":{"rendered":"\n<p>El equipo Truckventur una vez m\u00e1s de la mano de Bosch ya est\u00e1 de camino para participar en la edici\u00f3n de este 2024 que se corresponde con la edici\u00f3n n\u00famero 40 del evento tambi\u00e9n conocido como <em>Baja Espa\u00f1a<\/em>.<\/p>\n\n\n\n<p><\/p>\n\n\n\n<!--more-->\n\n\n\n<figure class=\"wp-block-video\"><video height=\"854\" style=\"aspect-ratio: 480 \/ 854;\" width=\"480\" controls src=\"http:\/\/www.truckventur.com\/es\/wp-content\/uploads\/2024\/07\/truckventur.mp4\" playsinline><\/video><\/figure>\n\n\n\n<p>Algunos medios se han hecho eco de la noticia, a continuaci\u00f3n les dejamos algunos art\u00edculos.<\/p>\n\n\n\n<p><strong>Posventa Automocion <\/strong>:<strong> <a href=\"https:\/\/www.posventa.com\/texto-diario\/mostrar\/4940223\/bosch-patrocina-participacion-equipo-truckventur-40-edicion-baja-espana\">Bosch patrocina la participaci\u00f3n del equipo Truckventur en la 40\u00aa edici\u00f3n de la Baja Espa\u00f1a<\/a><\/strong><\/p>\n\n\n\n<p><strong>Ruta del Transporte<\/strong> : <strong><a href=\"https:\/\/www.rutadeltransporte.com\/camiones\/bosch-alia-truckventur-enfrentar-baja_0_2000000335.html\">Bosch se al\u00eda con Truckventur para enfrentar la Baja Espa\u00f1a 2024<\/a><\/strong><\/p>\n\n\n\n<p><strong>Facebook Bosch Autom\u00f3vil <\/strong>: <a href=\"https:\/\/www.facebook.com\/share\/p\/SJtmgjADF99ccwQz\/\"><strong>https:\/\/www.facebook.com\/share\/p\/SJtmgjADF99ccwQz\/<\/strong><\/a><\/p>\n\n\n\n<p>Gracias por todo el apoyo recibido!! <\/p>\n\n\n\n<p><em><strong>Equipo Truckventur Rally Raid.<\/strong><\/em><\/p>\n\n\n\n<p><\/p>\n\n\n\n<p><\/p>\n","protected":false},"excerpt":{"rendered":"<p>El equipo Truckventur una vez m\u00e1s de la mano de Bosch ya est\u00e1 de camino para participar en la edici\u00f3n de este 2024 que se corresponde con la edici\u00f3n n\u00famero 40 del evento tambi\u00e9n conocido como Baja Espa\u00f1a.<\/p>\n","protected":false},"author":1,"featured_media":673,"comment_status":"closed","ping_status":"closed","sticky":false,"template":"","format":"standard","meta":{"footnotes":""},"categories":[44,11],"tags":[],"class_list":["post-676","post","type-post","status-publish","format-standard","has-post-thumbnail","hentry","category-baja-aragon","category-rally"],"_links":{"self":[{"href":"http:\/\/www.truckventur.com\/es\/wp-json\/wp\/v2\/posts\/676","targetHints":{"allow":["GET"]}}],"collection":[{"href":"http:\/\/www.truckventur.com\/es\/wp-json\/wp\/v2\/posts"}],"about":[{"href":"http:\/\/www.truckventur.com\/es\/wp-json\/wp\/v2\/types\/post"}],"author":[{"embeddable":true,"href":"http:\/\/www.truckventur.com\/es\/wp-json\/wp\/v2\/users\/1"}],"replies":[{"embeddable":true,"href":"http:\/\/www.truckventur.com\/es\/wp-json\/wp\/v2\/comments?post=676"}],"version-history":[{"count":5,"href":"http:\/\/www.truckventur.com\/es\/wp-json\/wp\/v2\/posts\/676\/revisions"}],"predecessor-version":[{"id":683,"href":"http:\/\/www.truckventur.com\/es\/wp-json\/wp\/v2\/posts\/676\/revisions\/683"}],"wp:featuredmedia":[{"embeddable":true,"href":"http:\/\/www.truckventur.com\/es\/wp-json\/wp\/v2\/media\/673"}],"wp:attachment":[{"href":"http:\/\/www.truckventur.com\/es\/wp-json\/wp\/v2\/media?parent=676"}],"wp:term":[{"taxonomy":"category","embeddable":true,"href":"http:\/\/www.truckventur.com\/es\/wp-json\/wp\/v2\/categories?post=676"},{"taxonomy":"post_tag","embeddable":true,"href":"http:\/\/www.truckventur.com\/es\/wp-json\/wp\/v2\/tags?post=676"}],"curies":[{"name":"wp","href":"https:\/\/api.w.org\/{rel}","templated":true}]}}